{"id":581,"date":"2021-01-20T00:11:32","date_gmt":"2021-01-20T00:11:32","guid":{"rendered":"http:\/\/malacoargentina.com.ar\/blog\/?p=581"},"modified":"2021-01-22T05:32:33","modified_gmt":"2021-01-22T05:32:33","slug":"581","status":"publish","type":"post","link":"http:\/\/malacoargentina.ar\/blog\/2021\/01\/20\/581\/","title":{"rendered":"Ciclo de Charlas 2020"},"content":{"rendered":"<h2 style=\"text-align: center;\"><strong>Ciclo de charlas de divulgaci\u00f3n de la ASAM 2020<br \/>\u201cConociendo a los moluscos en tiempos de pandemia\u201d<\/strong><\/h2>\n<p style=\"text-align: center;\">Entre el 28 de agosto y el 30 de septiembre de 2020 se llev\u00f3 adelante el primer ciclo de charlas de divulgaci\u00f3n organizado por la ASAM y que cont\u00f3 con la participaci\u00f3n de expositores de diferentes sociedades malac\u00f3logicas: Sociedad Malacol\u00f3gica de Chile, Sociedad Espa\u00f1ola de Malacolog\u00eda, Sociedad Malacol\u00f3gica del Uruguay, Sociedade Brasileira de Malacologia y Asociaci\u00f3n Argentina de Malacolog\u00eda. Las diez charlas que constituyeron el ciclo se llevaron adelante de manera virtual, a trav\u00e9s de la plataforma Microsoft Teams, los d\u00edas viernes a partir de las 16 hs.<\/p>\n<p style=\"text-align: center;\">El objetivo de las charlas fue difundir informaci\u00f3n acerca de los moluscos al p\u00fablico general, tendiente a promover en la sociedad una actitud cr\u00edtica hacia la importancia de su conservaci\u00f3n, as\u00ed como fomentar el acercamiento de la ASAM a la sociedad, y fortalecer v\u00ednculos con otras sociedades malacol\u00f3gicas iberoamericanas. Tambi\u00e9n sirvi\u00f3 como un modo de mantener un contacto estrecho desde la virtualidad entre la comunidad malacol\u00f3gica y la sociedad durante el confinamiento obligatorio debido al COVID. Las charlas abarcaron diferentes l\u00edneas de investigaci\u00f3n que se llevan adelante actualmente con moluscos e incluyeron tem\u00e1ticas generales y otras m\u00e1s espec\u00edficas.<\/p>\n<p>El equipo organizador estuvo formado por:\u00a0<\/p>\n\n\n<figure class=\"wp-block-image size-large\"><img loading=\"lazy\" decoding=\"async\" width=\"1024\" height=\"415\" src=\"http:\/\/malacoargentina.com.ar\/blog\/wp-content\/uploads\/2021\/01\/comite-1024x415.jpg\" alt=\"\" class=\"wp-image-589\" srcset=\"http:\/\/malacoargentina.ar\/blog\/wp-content\/uploads\/2021\/01\/comite-1024x415.jpg 1024w, http:\/\/malacoargentina.ar\/blog\/wp-content\/uploads\/2021\/01\/comite-300x122.jpg 300w, http:\/\/malacoargentina.ar\/blog\/wp-content\/uploads\/2021\/01\/comite-768x311.jpg 768w, http:\/\/malacoargentina.ar\/blog\/wp-content\/uploads\/2021\/01\/comite-1536x623.jpg 1536w, http:\/\/malacoargentina.ar\/blog\/wp-content\/uploads\/2021\/01\/comite-2048x830.jpg 2048w, http:\/\/malacoargentina.ar\/blog\/wp-content\/uploads\/2021\/01\/comite-624x253.jpg 624w\" sizes=\"auto, (max-width: 1024px) 100vw, 1024px\" \/><\/figure>\n\n\n\n<p>A continuaci\u00f3n, podr\u00e1s acceder a cada una de las charlas del ciclo<a>:<\/a>&nbsp;<\/p>\n\n\n\n<div class=\"wp-block-image\"><figure class=\"alignright size-large is-resized\"><img decoding=\"async\" src=\"http:\/\/malacoargentina.com.ar\/blog\/wp-content\/uploads\/2021\/01\/1-edited.png\" alt=\"\" class=\"wp-image-602\" width=\"162\" height=\"142.33526011560696\" srcset=\"http:\/\/malacoargentina.ar\/blog\/wp-content\/uploads\/2021\/01\/1-edited.png 346w, http:\/\/malacoargentina.ar\/blog\/wp-content\/uploads\/2021\/01\/1-edited-300x263.png 300w\" sizes=\"(max-width: 346px) 100vw, 346px\" \/><\/figure><\/div>\n\n\n\n<p>1) \u201c<a href=\"https:\/\/youtu.be\/6UG2JCdArtA\" target=\"_blank\" rel=\"noreferrer noopener\">\u00bfQu\u00e9 son los moluscos?: Clasificaci\u00f3n, biodiversidad, distribuci\u00f3n<\/a>\u201d (28 de agosto)<\/p>\n\n\n\n<p>Prof. Dr. Jes\u00fas Troncoso. Centro de Investigaciones Marinas (CIM-UVigo) y Facultad de Ciencias del Mar, Universidad de Vigo, Espa\u00f1a. Especialista en ecolog\u00eda de moluscos y fauna marina bent\u00f3nica.<\/p>\n\n\n\n<div class=\"wp-block-image\"><figure class=\"alignright size-large is-resized\"><img loading=\"lazy\" decoding=\"async\" src=\"http:\/\/malacoargentina.com.ar\/blog\/wp-content\/uploads\/2021\/01\/2.png\" alt=\"\" class=\"wp-image-591\" width=\"162\" height=\"142\" srcset=\"http:\/\/malacoargentina.ar\/blog\/wp-content\/uploads\/2021\/01\/2.png 346w, http:\/\/malacoargentina.ar\/blog\/wp-content\/uploads\/2021\/01\/2-300x264.png 300w\" sizes=\"auto, (max-width: 162px) 100vw, 162px\" \/><\/figure><\/div>\n\n\n\n<p>2) \u201c<a href=\"https:\/\/youtu.be\/NT7mBnh4fNg\" target=\"_blank\" rel=\"noreferrer noopener\">Moluscos de manguezal: que bichos s\u00e3o esses?<\/a>\u201d (4 de septiembre)<\/p>\n\n\n\n<p>Profa. Dra. Rafaela Camargo Maia. Grupo de Investigaci\u00f3n en Ecolog\u00eda y Conservaci\u00f3n de Manglares, Instituto Federal de Educaci\u00f3n, Ciencia y Tecnolog\u00eda de Cear\u00e1, Brasil. Especialista en ecolog\u00eda y biolog\u00eda marina.<br><br><\/p>\n\n\n\n<div class=\"wp-block-image\"><figure class=\"alignright size-large is-resized\"><img loading=\"lazy\" decoding=\"async\" src=\"http:\/\/malacoargentina.com.ar\/blog\/wp-content\/uploads\/2021\/01\/3.png\" alt=\"\" class=\"wp-image-592\" width=\"163\" height=\"152\" srcset=\"http:\/\/malacoargentina.ar\/blog\/wp-content\/uploads\/2021\/01\/3.png 327w, http:\/\/malacoargentina.ar\/blog\/wp-content\/uploads\/2021\/01\/3-300x280.png 300w\" sizes=\"auto, (max-width: 163px) 100vw, 163px\" \/><\/figure><\/div>\n\n\n\n<p>3) \u201c<a href=\"https:\/\/youtu.be\/oo511KPqgXU\" target=\"_blank\" rel=\"noreferrer noopener\">Caracoles y almejas de r\u00edos y lagunas: \u00bfd\u00f3nde los encontramos?<\/a>\u201d (11 de septiembre)<\/p>\n\n\n\n<p>Dr. Diego Eduardo Guti\u00e9rrez Gregoric. CONICET-   Universidad Nacional de La Plata, Argentina. Especialista en taxonom\u00eda y diversidad de moluscos continentales nativos y no nativos.                                                                                <\/p>\n\n\n\n<div class=\"wp-block-image\"><figure class=\"alignright size-large is-resized\"><img loading=\"lazy\" decoding=\"async\" src=\"http:\/\/malacoargentina.com.ar\/blog\/wp-content\/uploads\/2021\/01\/4.png\" alt=\"\" class=\"wp-image-593\" width=\"156\" height=\"141\" srcset=\"http:\/\/malacoargentina.ar\/blog\/wp-content\/uploads\/2021\/01\/4.png 339w, http:\/\/malacoargentina.ar\/blog\/wp-content\/uploads\/2021\/01\/4-300x272.png 300w\" sizes=\"auto, (max-width: 156px) 100vw, 156px\" \/><\/figure><\/div>\n\n\n\n<p>4) \u201c<a href=\"https:\/\/youtu.be\/hmjLp9JYLj8\" target=\"_blank\" rel=\"noreferrer noopener\">O lado nocivo dos moluscos terrestres: import\u00e2ncia como transmissores de parasitoses e pragas agr\u00edcolas e de jardins<\/a>\u201d (18 de setiembre)<\/p>\n\n\n\n<p>Dra. Suzete Rodrigues Gomes. Laboratorio de Malacolog\u00eda, Instituto Oswaldo Cruz (IOC), Brasil. Especialista en biodiversidad, biolog\u00eda, ecolog\u00eda y control de moluscos terrestres de importancia para la salud p\u00fablica y la agricultura.<\/p>\n\n\n\n<div class=\"wp-block-image\"><figure class=\"alignright size-large is-resized\"><img loading=\"lazy\" decoding=\"async\" src=\"http:\/\/malacoargentina.com.ar\/blog\/wp-content\/uploads\/2021\/01\/5.png\" alt=\"\" class=\"wp-image-594\" width=\"154\" height=\"148\" srcset=\"http:\/\/malacoargentina.ar\/blog\/wp-content\/uploads\/2021\/01\/5.png 306w, http:\/\/malacoargentina.ar\/blog\/wp-content\/uploads\/2021\/01\/5-300x289.png 300w\" sizes=\"auto, (max-width: 154px) 100vw, 154px\" \/><\/figure><\/div>\n\n\n\n<p>5) \u201c<a href=\"https:\/\/youtu.be\/CaUTo1xXa1Q\" target=\"_blank\" rel=\"noreferrer noopener\">Moluscos invasores: \u00bfc\u00f3mo viajan los moluscos por el mundo<\/a>?\u201d (25 de septiembre)<\/p>\n\n\n\n<p>Prof. M.Sc. M.V. Viviana Castillo. Laboratorio Nacional de Malacolog\u00eda, Servicio Agr\u00edcola y Ganadero (SAG) y Nodo GBIF (Global Biodiversity Information Facility), Ministerio del Medio Ambiente, Chile. Especialista en taxonom\u00eda, sistem\u00e1tica, ecolog\u00eda y v\u00edas de introducci\u00f3n de gaster\u00f3podos terrestres en \u00e1reas no nativas.<\/p>\n\n\n\n<div class=\"wp-block-image\"><figure class=\"alignright size-large is-resized\"><img loading=\"lazy\" decoding=\"async\" src=\"http:\/\/malacoargentina.com.ar\/blog\/wp-content\/uploads\/2021\/01\/6.png\" alt=\"\" class=\"wp-image-595\" width=\"160\" height=\"144\" srcset=\"http:\/\/malacoargentina.ar\/blog\/wp-content\/uploads\/2021\/01\/6.png 327w, http:\/\/malacoargentina.ar\/blog\/wp-content\/uploads\/2021\/01\/6-300x270.png 300w\" sizes=\"auto, (max-width: 160px) 100vw, 160px\" \/><\/figure><\/div>\n\n\n\n<p>6) \u201c<a href=\"https:\/\/youtu.be\/J07cDG04BZ0\" target=\"_blank\" rel=\"noreferrer noopener\">Da morfolog\u00eda ao DNA: como podemos identificar os moluscos?<\/a>\u00bb (2 de octubre)<\/p>\n\n\n\n<p>Dra. Roberta Lima Caldeira. Grupo de Investigaci\u00f3n en Helmintolog\u00eda y Malacolog\u00eda M\u00e9dica, Instituto Ren\u00e9 Rachou, Fundaci\u00f3n Oswaldo Cruz (Fiocruz), Brasil. Especialista en parasitolog\u00eda, con \u00e9nfasis en malacolog\u00eda de par\u00e1sitos y vectores.<\/p>\n\n\n\n<div class=\"wp-block-image\"><figure class=\"alignright size-large is-resized\"><img loading=\"lazy\" decoding=\"async\" src=\"http:\/\/malacoargentina.com.ar\/blog\/wp-content\/uploads\/2021\/01\/7.png\" alt=\"\" class=\"wp-image-596\" width=\"164\" height=\"158\" srcset=\"http:\/\/malacoargentina.ar\/blog\/wp-content\/uploads\/2021\/01\/7.png 318w, http:\/\/malacoargentina.ar\/blog\/wp-content\/uploads\/2021\/01\/7-300x291.png 300w\" sizes=\"auto, (max-width: 164px) 100vw, 164px\" \/><\/figure><\/div>\n\n\n\n<p>7) \u201c<a href=\"https:\/\/youtu.be\/VzBytv-zPgk\" target=\"_blank\" rel=\"noreferrer noopener\">Pobres y feos: desaf\u00edos y herramientas para la conservaci\u00f3n de moluscos<\/a>\u201d (9 de octubre)<\/p>\n\n\n\n<p>Dr. Cristhian Clavijo. Museo Nacional de Historia Natural, Uruguay. Especialista en taxonom\u00eda y conservaci\u00f3n de bivalvos dulceacu\u00edcolas.<br><br><br><\/p>\n\n\n\n<div class=\"wp-block-image\"><figure class=\"alignright size-large is-resized\"><img loading=\"lazy\" decoding=\"async\" src=\"http:\/\/malacoargentina.com.ar\/blog\/wp-content\/uploads\/2021\/01\/8.png\" alt=\"\" class=\"wp-image-597\" width=\"166\" height=\"154\" srcset=\"http:\/\/malacoargentina.ar\/blog\/wp-content\/uploads\/2021\/01\/8.png 318w, http:\/\/malacoargentina.ar\/blog\/wp-content\/uploads\/2021\/01\/8-300x277.png 300w\" sizes=\"auto, (max-width: 166px) 100vw, 166px\" \/><\/figure><\/div>\n\n\n\n<p>8) \u201c<a href=\"https:\/\/youtu.be\/zFWo4j_Mj-c\" target=\"_blank\" rel=\"noreferrer noopener\">Moluscos f\u00f3siles: una historia exitosa de m\u00e1s de 500 millones de a\u00f1os<\/a>\u201d (16 de octubre)<\/p>\n\n\n\n<p>Prof. Dr. rer. nat. habil. Sven Nielsen. Facultad de Ciencias, Universidad Austral de Chile (UACh). Especialista en evoluci\u00f3n y ecolog\u00eda de moluscos y otros organismos marinos del Cenozoico del Hemisferio Sur.<\/p>\n\n\n\n<div class=\"wp-block-image\"><figure class=\"alignright size-large is-resized\"><img loading=\"lazy\" decoding=\"async\" src=\"http:\/\/malacoargentina.com.ar\/blog\/wp-content\/uploads\/2021\/01\/9.png\" alt=\"\" class=\"wp-image-598\" width=\"164\" height=\"147\" srcset=\"http:\/\/malacoargentina.ar\/blog\/wp-content\/uploads\/2021\/01\/9.png 341w, http:\/\/malacoargentina.ar\/blog\/wp-content\/uploads\/2021\/01\/9-300x269.png 300w\" sizes=\"auto, (max-width: 164px) 100vw, 164px\" \/><\/figure><\/div>\n\n\n\n<p>9) \u201c<a href=\"https:\/\/youtu.be\/ybJgdAaVwv4\" target=\"_blank\" rel=\"noreferrer noopener\">El collar de caracoles: los usos de los moluscos por las poblaciones prehisp\u00e1nicas en la Patagonia argentina<\/a>\u201d (23 de octubre)<\/p>\n\n\n\n<p>Dra. Heidi Hammond. CONICET-U.N.P. San Juan Bosco, Esquel, Argentina. Especialista en arqueolog\u00eda de sociedades cazadoras recolectoras que habitaron en el pasado la Patagonia.<\/p>\n\n\n\n<div class=\"wp-block-image\"><figure class=\"alignright size-large is-resized\"><img loading=\"lazy\" decoding=\"async\" src=\"http:\/\/malacoargentina.com.ar\/blog\/wp-content\/uploads\/2021\/01\/10.png\" alt=\"\" class=\"wp-image-599\" width=\"158\" height=\"146\" srcset=\"http:\/\/malacoargentina.ar\/blog\/wp-content\/uploads\/2021\/01\/10.png 332w, http:\/\/malacoargentina.ar\/blog\/wp-content\/uploads\/2021\/01\/10-300x277.png 300w\" sizes=\"auto, (max-width: 158px) 100vw, 158px\" \/><\/figure><\/div>\n\n\n\n<p>10) \u201c<a href=\"https:\/\/youtu.be\/5gxH-dWiZpE\" target=\"_blank\" rel=\"noreferrer noopener\">Nojentos ou fonte de cura?: f\u00e1rmacos e cosm\u00e9ticos provenientes de produtos naturais de moluscos<\/a>\u201d (30 de octubre)<\/p>\n\n\n\n<p>Dra. Ana Rita de Toledo Piza. Limace Biotecnologia, Brasil. Especialista en qu\u00edmica de macrom\u00f3leculas y bioprospecci\u00f3n de compuestos activos provenientes de moluscos.<\/p>\n\n\n\n<hr class=\"wp-block-separator\"\/>\n\n\n\n<p>&nbsp;<\/p>\n","protected":false},"excerpt":{"rendered":"<p>Ciclo de charlas de divulgaci\u00f3n de la ASAM 2020\u201cConociendo a los moluscos en tiempos de pandemia\u201d Entre el 28 de agosto y el 30 de septiembre de 2020 se llev\u00f3 adelante el primer ciclo de charlas de divulgaci\u00f3n organizado por la ASAM y que cont\u00f3 con la participaci\u00f3n de expositores de diferentes sociedades malac\u00f3logicas: Sociedad [&hellip;]<\/p>\n","protected":false},"author":1,"featured_media":0,"comment_status":"closed","ping_status":"closed","sticky":false,"template":"","format":"standard","meta":{"footnotes":""},"categories":[16],"tags":[],"class_list":["post-581","post","type-post","status-publish","format-standard","hentry","category-ciclo-de-charlas"],"_links":{"self":[{"href":"http:\/\/malacoargentina.ar\/blog\/wp-json\/wp\/v2\/posts\/581","targetHints":{"allow":["GET"]}}],"collection":[{"href":"http:\/\/malacoargentina.ar\/blog\/wp-json\/wp\/v2\/posts"}],"about":[{"href":"http:\/\/malacoargentina.ar\/blog\/wp-json\/wp\/v2\/types\/post"}],"author":[{"embeddable":true,"href":"http:\/\/malacoargentina.ar\/blog\/wp-json\/wp\/v2\/users\/1"}],"replies":[{"embeddable":true,"href":"http:\/\/malacoargentina.ar\/blog\/wp-json\/wp\/v2\/comments?post=581"}],"version-history":[{"count":15,"href":"http:\/\/malacoargentina.ar\/blog\/wp-json\/wp\/v2\/posts\/581\/revisions"}],"predecessor-version":[{"id":614,"href":"http:\/\/malacoargentina.ar\/blog\/wp-json\/wp\/v2\/posts\/581\/revisions\/614"}],"wp:attachment":[{"href":"http:\/\/malacoargentina.ar\/blog\/wp-json\/wp\/v2\/media?parent=581"}],"wp:term":[{"taxonomy":"category","embeddable":true,"href":"http:\/\/malacoargentina.ar\/blog\/wp-json\/wp\/v2\/categories?post=581"},{"taxonomy":"post_tag","embeddable":true,"href":"http:\/\/malacoargentina.ar\/blog\/wp-json\/wp\/v2\/tags?post=581"}],"curies":[{"name":"wp","href":"https:\/\/api.w.org\/{rel}","templated":true}]}}